{"id":1,"date":"2024-10-14T17:44:23","date_gmt":"2024-10-14T15:44:23","guid":{"rendered":"http:\/\/lapetitechapelle.org\/?p=1"},"modified":"2025-02-25T09:06:59","modified_gmt":"2025-02-25T08:06:59","slug":"bonjour-tout-le-monde","status":"publish","type":"post","link":"https:\/\/lapetitechapelle.org\/index.php\/2024\/10\/14\/bonjour-tout-le-monde\/","title":{"rendered":"Bonjour tout le monde\u00a0!"},"content":{"rendered":"\n<p>Au commencement, une histoire d\u2019amour et l\u2019\u00e9dification d\u2019une chapelle. Son histoire devient un symbole grav\u00e9 dans le c\u0153ur des Trouvillais.<\/p>\n\n\n\n<p>\u200b<\/p>\n\n\n\n<p>Puis, abandonn\u00e9e, la chapelle Notre Dame de Piti\u00e9 se d\u00e9grade et provoque un vide spirituel et culturel.<br>Pour y rem\u00e9dier, la famille Croix reprend la gestion de la chapelle dans son giron, afin de lui redonner une nouvelle vie.<\/p>\n\n\n\n<p>\u200b<\/p>\n\n\n\n<p>En 2024, l\u2019Association La Petite Chapelle et l\u2019Association de la petite chapelle de la famille Croix, voient le jour, afin de faire cohabiter 2 dimensions :<br>Notre Dame de Piti\u00e9 sera un lieu de pri\u00e8re et de recueillement ainsi qu\u2019un lieu d&rsquo;exposition au profit de la chapelle.<\/p>\n\n\n\n<p>Une collecte de fonds, via notre site web est mise en place.&nbsp;<\/p>\n\n\n\n<p>Des informations pratiques sur l\u2019avancement du projet, ainsi qu\u2019un tableau r\u00e9capitulatif de la collecte de fonds sont r\u00e9guli\u00e8rement mis en ligne sur le site :&nbsp;www.lapetitechapelle.org<\/p>\n\n\n\n<p>Informations importantes : Des ventes en ligne d\u2019\u0153uvres et d\u2019objets offerts par des artistes et donateurs seront accessibles sur le site et lors de portes ouvertes. <\/p>\n\n\n\n<p>&nbsp;Merci d\u2019adresser vos questions \u00e0&nbsp;contact@lapetitechapelle.org<\/p>\n\n\n\n<figure class=\"wp-block-image\"><img decoding=\"async\" src=\"https:\/\/static.wixstatic.com\/media\/e750a9_57175f706e3c4156b71062053a221b7b~mv2.jpg\/v1\/fill\/w_600,h_457,al_c,q_80,usm_0.66_1.00_0.01,enc_avif,quality_auto\/e750a9_57175f706e3c4156b71062053a221b7b~mv2.jpg\" alt=\"\"\/><\/figure>\n\n\n\n<p><\/p>\n","protected":false},"excerpt":{"rendered":"<p>Au commencement, une histoire d\u2019amour et l\u2019\u00e9dification d\u2019une chapelle. Son histoire devient un symbole grav\u00e9 dans le c\u0153ur des Trouvillais. \u200b Puis, abandonn\u00e9e, la chapelle Notre Dame de Piti\u00e9 se d\u00e9grade et provoque un vide spirituel et culturel.Pour y rem\u00e9dier, la famille Croix reprend la gestion de la chapelle dans son giron, afin de lui [&hellip;]<\/p>\n","protected":false},"author":1,"featured_media":0,"comment_status":"open","ping_status":"open","sticky":false,"template":"","format":"standard","meta":{"footnotes":""},"categories":[1],"tags":[],"class_list":["post-1","post","type-post","status-publish","format-standard","hentry","category-non-classe"],"_links":{"self":[{"href":"https:\/\/lapetitechapelle.org\/index.php\/wp-json\/wp\/v2\/posts\/1","targetHints":{"allow":["GET"]}}],"collection":[{"href":"https:\/\/lapetitechapelle.org\/index.php\/wp-json\/wp\/v2\/posts"}],"about":[{"href":"https:\/\/lapetitechapelle.org\/index.php\/wp-json\/wp\/v2\/types\/post"}],"author":[{"embeddable":true,"href":"https:\/\/lapetitechapelle.org\/index.php\/wp-json\/wp\/v2\/users\/1"}],"replies":[{"embeddable":true,"href":"https:\/\/lapetitechapelle.org\/index.php\/wp-json\/wp\/v2\/comments?post=1"}],"version-history":[{"count":5,"href":"https:\/\/lapetitechapelle.org\/index.php\/wp-json\/wp\/v2\/posts\/1\/revisions"}],"predecessor-version":[{"id":483,"href":"https:\/\/lapetitechapelle.org\/index.php\/wp-json\/wp\/v2\/posts\/1\/revisions\/483"}],"wp:attachment":[{"href":"https:\/\/lapetitechapelle.org\/index.php\/wp-json\/wp\/v2\/media?parent=1"}],"wp:term":[{"taxonomy":"category","embeddable":true,"href":"https:\/\/lapetitechapelle.org\/index.php\/wp-json\/wp\/v2\/categories?post=1"},{"taxonomy":"post_tag","embeddable":true,"href":"https:\/\/lapetitechapelle.org\/index.php\/wp-json\/wp\/v2\/tags?post=1"}],"curies":[{"name":"wp","href":"https:\/\/api.w.org\/{rel}","templated":true}]}}